{"id":848,"date":"2017-07-22T21:06:13","date_gmt":"2017-07-22T19:06:13","guid":{"rendered":"http:\/\/eiseler.de\/wordpress\/?p=848"},"modified":"2018-03-16T03:30:17","modified_gmt":"2018-03-16T02:30:17","slug":"vodafone-kabel-receiver-kein-ton","status":"publish","type":"post","link":"https:\/\/eiseler.de\/wordpress\/?p=848","title":{"rendered":"Vodafone Kabel Receiver &#8211; kein Ton"},"content":{"rendered":"<p>Mein Vodafone Kabel Sagem Modem liefert keinen Ton mehr. Reboot half nicht. Was letztendlich half: Im Receiver-Menu, Ton, HDMI Dolby ausschalten.<\/p>\n<p>Beim n\u00e4chsten Auftreten half: Im obigen Menu hin und her, dann aus schalten. Und dann ein Reboot (vom Strom trennen).<\/p>\n<p>Update: Tritt immer mal wieder auf. Zurzeit hilft, ausschalten, vom Strom trennen, und dann wieder vonv orne.<\/p>\n<p>Suchbegriffe: Vodafone Kabel Ton geht nicht<\/p>\n<div class=\"sharedaddy sd-sharing-enabled\"><div class=\"robots-nocontent sd-block sd-social sd-social-icon-text sd-sharing\"><h3 class=\"sd-title\">Share this:<\/h3><div class=\"sd-content\"><ul><li class=\"share-facebook\"><a rel=\"nofollow noopener noreferrer\" data-shared=\"sharing-facebook-848\" class=\"share-facebook sd-button share-icon\" href=\"https:\/\/eiseler.de\/wordpress\/?p=848&amp;share=facebook\" target=\"_blank\" title=\"Click to share on Facebook\"><span>Facebook<\/span><\/a><\/li><li class=\"share-twitter\"><a rel=\"nofollow noopener noreferrer\" data-shared=\"sharing-twitter-848\" class=\"share-twitter sd-button share-icon\" href=\"https:\/\/eiseler.de\/wordpress\/?p=848&amp;share=twitter\" target=\"_blank\" title=\"Click to share on Twitter\"><span>Twitter<\/span><\/a><\/li><li class=\"share-linkedin\"><a rel=\"nofollow noopener noreferrer\" data-shared=\"sharing-linkedin-848\" class=\"share-linkedin sd-button share-icon\" href=\"https:\/\/eiseler.de\/wordpress\/?p=848&amp;share=linkedin\" target=\"_blank\" title=\"Click to share on LinkedIn\"><span>LinkedIn<\/span><\/a><\/li><li class=\"share-pocket\"><a rel=\"nofollow noopener noreferrer\" data-shared=\"\" class=\"share-pocket sd-button share-icon\" href=\"https:\/\/eiseler.de\/wordpress\/?p=848&amp;share=pocket\" target=\"_blank\" title=\"Click to share on Pocket\"><span>Pocket<\/span><\/a><\/li><li class=\"share-end\"><\/li><\/ul><\/div><\/div><\/div>","protected":false},"excerpt":{"rendered":"<p>Mein Vodafone Kabel Sagem Modem liefert keinen Ton mehr. Reboot half nicht. Was letztendlich half: Im Receiver-Menu, Ton, HDMI Dolby ausschalten. Beim n\u00e4chsten Auftreten half: Im obigen Menu hin und her, dann aus schalten. Und dann ein Reboot (vom Strom &hellip; <a href=\"https:\/\/eiseler.de\/wordpress\/?p=848\">Continue reading <span class=\"meta-nav\">&rarr;<\/span><\/a><\/p>\n<div class=\"sharedaddy sd-sharing-enabled\"><div class=\"robots-nocontent sd-block sd-social sd-social-icon-text sd-sharing\"><h3 class=\"sd-title\">Share this:<\/h3><div class=\"sd-content\"><ul><li class=\"share-facebook\"><a rel=\"nofollow noopener noreferrer\" data-shared=\"sharing-facebook-848\" class=\"share-facebook sd-button share-icon\" href=\"https:\/\/eiseler.de\/wordpress\/?p=848&amp;share=facebook\" target=\"_blank\" title=\"Click to share on Facebook\"><span>Facebook<\/span><\/a><\/li><li class=\"share-twitter\"><a rel=\"nofollow noopener noreferrer\" data-shared=\"sharing-twitter-848\" class=\"share-twitter sd-button share-icon\" href=\"https:\/\/eiseler.de\/wordpress\/?p=848&amp;share=twitter\" target=\"_blank\" title=\"Click to share on Twitter\"><span>Twitter<\/span><\/a><\/li><li class=\"share-linkedin\"><a rel=\"nofollow noopener noreferrer\" data-shared=\"sharing-linkedin-848\" class=\"share-linkedin sd-button share-icon\" href=\"https:\/\/eiseler.de\/wordpress\/?p=848&amp;share=linkedin\" target=\"_blank\" title=\"Click to share on LinkedIn\"><span>LinkedIn<\/span><\/a><\/li><li class=\"share-pocket\"><a rel=\"nofollow noopener noreferrer\" data-shared=\"\" class=\"share-pocket sd-button share-icon\" href=\"https:\/\/eiseler.de\/wordpress\/?p=848&amp;share=pocket\" target=\"_blank\" title=\"Click to share on Pocket\"><span>Pocket<\/span><\/a><\/li><li class=\"share-end\"><\/li><\/ul><\/div><\/div><\/div>","protected":false},"author":1,"featured_media":0,"comment_status":"open","ping_status":"open","sticky":false,"template":"","format":"standard","meta":{"spay_email":"","footnotes":"","jetpack_publicize_message":"","jetpack_is_tweetstorm":false},"categories":[22,43,36],"tags":[],"class_list":["post-848","post","type-post","status-publish","format-standard","hentry","category-hardware","category-lifehack","category-tipps-tricks"],"jetpack_featured_media_url":"","jetpack_publicize_connections":[],"jetpack_sharing_enabled":true,"jetpack_shortlink":"https:\/\/wp.me\/p8zAuQ-dG","jetpack-related-posts":[{"id":605,"url":"https:\/\/eiseler.de\/wordpress\/?p=605","url_meta":{"origin":848,"position":0},"title":"Teufel Boomster, zu leise?\u00a0","date":"27\/06\/2016","format":false,"excerpt":"Zur Keller und Gartenbeschallung habe ich einen Teufel Boomster. Soweit so gut, mit 2 Mankos: a) Die Touch-Bedienung ist so lala, geht, aber echte Regler w\u00e4ren mir lieber gewesen. und b) die Lautst\u00e4rke. Sowohl \u00fcber BT als auch \u00fcber Kabel kann man den Boomster mit einem iPhone nicht ausreizen, was\u2026","rel":"","context":"In &quot;Gadgets&quot;","img":{"alt_text":"","src":"","width":0,"height":0},"classes":[]},{"id":322,"url":"https:\/\/eiseler.de\/wordpress\/?p=322","url_meta":{"origin":848,"position":1},"title":"Raspberry Pi (Auch f\u00fcr Dummies)","date":"17\/03\/2013","format":false,"excerpt":"Hat ein wenig gedauert bis ich welche hatte. Aber das Warten hat sich gelohnt (auch weil die Software inzwischen reifte :-) ). Was ist es? Ein Minicomputer, etwas gr\u00f6\u00dfer als eine Kreditkarte, mit 2 USB Anschl\u00fcssen, Audio out, Video out und HDMI (=DVI) Ausgang. Zusammen mit einer SD-Karte und einem\u2026","rel":"","context":"In &quot;Hardware&quot;","img":{"alt_text":"","src":"https:\/\/i1.wp.com\/eiseler.de\/wordpress\/wp-content\/uploads\/2013\/03\/IMG_4363-300x225.jpg?resize=350%2C200","width":350,"height":200},"classes":[]},{"id":372,"url":"https:\/\/eiseler.de\/wordpress\/?p=372","url_meta":{"origin":848,"position":2},"title":"Die Pebble, Test und Tipps","date":"20\/04\/2013","format":false,"excerpt":"Nachdem ich letztens die Pebble vom Zoll in Garching (M\u00fcnchner, oder zumindest ein Teil der M\u00fcnchner d\u00fcrfen dazu ins Umland fahren) abgeholt habe, hier ein kurzes Pebble Review. Getestet mit iOS 6 auf einem iPhone5 Installation: Problemlos, 9\/10 Design Geh\u00e4use: Mein Geschmack ist es nicht. Zuviel (alles?) Plastik. Aber ok,\u2026","rel":"","context":"In &quot;Gadgets&quot;","img":{"alt_text":"","src":"https:\/\/i2.wp.com\/eiseler.de\/wordpress\/wp-content\/uploads\/2013\/04\/20130420-225833.jpg?resize=350%2C200&ssl=1","width":350,"height":200},"classes":[]},{"id":155,"url":"https:\/\/eiseler.de\/wordpress\/?p=155","url_meta":{"origin":848,"position":3},"title":"Android f\u00fcr Kinder - Schulweg\u00fcberwachung mit GPS","date":"28\/12\/2012","format":false,"excerpt":"Da meine Tochter schon mit 5 eingeschult wurde und auch alleine von der Schule zum Hort gehen muss \u00fcberlegte ich wie man dies mit Technik etwas sicherer machen kann. Ich m\u00f6chte hier nicht die Ethik des Einsatzes eines GPS-Trackers diskutieren, weise aber daraufhin, dass der Einsatz bei Erwachsenen ohne deren\u2026","rel":"","context":"In &quot;Android&quot;","img":{"alt_text":"","src":"https:\/\/i0.wp.com\/eiseler.de\/wordpress\/wp-content\/uploads\/2012\/12\/IMG_4118b-247x300.jpeg?resize=350%2C200","width":350,"height":200},"classes":[]},{"id":650,"url":"https:\/\/eiseler.de\/wordpress\/?p=650","url_meta":{"origin":848,"position":4},"title":"Was man beim Kauf eines Stausaugerroboters beachten sollte","date":"18\/12\/2016","format":false,"excerpt":"Man sollte sich keine Illusion machen: Ohne Aufr\u00e4umen geht nichts. Kabel und Kleinteile mag so ein Ding nicht. Allerdings hat die Aussicht anderen (dem Roboter) bei der Arbeit zu zu schauen schon so motiviert, dass sie das Arbeiten angefangen haben. Man sollte so ein Teil nicht spontan kaufen und sich\u2026","rel":"","context":"In &quot;Gadgets&quot;","img":{"alt_text":"","src":"","width":0,"height":0},"classes":[]},{"id":195,"url":"https:\/\/eiseler.de\/wordpress\/?p=195","url_meta":{"origin":848,"position":5},"title":"Apple TV 3 - watchever.de","date":"20\/01\/2013","format":false,"excerpt":"Durch ein g\u00fcnstiges Angebot habe ich jetzt mein Apple TV 2 durch ein Apple TV 3 ersetzt. Was ein Unterschied. Ich bin mir nicht ganz sicher an woran es liegt: Die 1080er Aufl\u00f6sung, das WLan mit 5 GHz oder eben der neuen Hardware und dem besseren Zusammenspiel mit dem TV.\u2026","rel":"","context":"In &quot;Hardware&quot;","img":{"alt_text":"","src":"","width":0,"height":0},"classes":[]}],"_links":{"self":[{"href":"https:\/\/eiseler.de\/wordpress\/index.php?rest_route=\/wp\/v2\/posts\/848","targetHints":{"allow":["GET"]}}],"collection":[{"href":"https:\/\/eiseler.de\/wordpress\/index.php?rest_route=\/wp\/v2\/posts"}],"about":[{"href":"https:\/\/eiseler.de\/wordpress\/index.php?rest_route=\/wp\/v2\/types\/post"}],"author":[{"embeddable":true,"href":"https:\/\/eiseler.de\/wordpress\/index.php?rest_route=\/wp\/v2\/users\/1"}],"replies":[{"embeddable":true,"href":"https:\/\/eiseler.de\/wordpress\/index.php?rest_route=%2Fwp%2Fv2%2Fcomments&post=848"}],"version-history":[{"count":3,"href":"https:\/\/eiseler.de\/wordpress\/index.php?rest_route=\/wp\/v2\/posts\/848\/revisions"}],"predecessor-version":[{"id":947,"href":"https:\/\/eiseler.de\/wordpress\/index.php?rest_route=\/wp\/v2\/posts\/848\/revisions\/947"}],"wp:attachment":[{"href":"https:\/\/eiseler.de\/wordpress\/index.php?rest_route=%2Fwp%2Fv2%2Fmedia&parent=848"}],"wp:term":[{"taxonomy":"category","embeddable":true,"href":"https:\/\/eiseler.de\/wordpress\/index.php?rest_route=%2Fwp%2Fv2%2Fcategories&post=848"},{"taxonomy":"post_tag","embeddable":true,"href":"https:\/\/eiseler.de\/wordpress\/index.php?rest_route=%2Fwp%2Fv2%2Ftags&post=848"}],"curies":[{"name":"wp","href":"https:\/\/api.w.org\/{rel}","templated":true}]}}