{"id":211,"date":"2010-08-21T21:23:27","date_gmt":"2010-08-21T19:23:27","guid":{"rendered":"http:\/\/5a411d94-fb31-42dd-86f1-b5a65e82250a"},"modified":"2013-01-27T02:50:08","modified_gmt":"2013-01-27T01:50:08","slug":"zauberstab-esge","status":"publish","type":"post","link":"https:\/\/eiseler.de\/wordpress\/?p=211","title":{"rendered":"Zauberstab ESGE"},"content":{"rendered":"<p><a href=\"http:\/\/eiseler.de\/wordpress\/wp-content\/uploads\/2010\/08\/shapeimage_12.png\"><img loading=\"lazy\" decoding=\"async\" data-attachment-id=\"225\" data-permalink=\"https:\/\/eiseler.de\/wordpress\/?attachment_id=225\" data-orig-file=\"https:\/\/eiseler.de:443\/wordpress\/wp-content\/uploads\/2010\/08\/shapeimage_12.png\" data-orig-size=\"87,210\" data-comments-opened=\"1\" data-image-meta=\"{&quot;aperture&quot;:&quot;0&quot;,&quot;credit&quot;:&quot;&quot;,&quot;camera&quot;:&quot;&quot;,&quot;caption&quot;:&quot;&quot;,&quot;created_timestamp&quot;:&quot;0&quot;,&quot;copyright&quot;:&quot;&quot;,&quot;focal_length&quot;:&quot;0&quot;,&quot;iso&quot;:&quot;0&quot;,&quot;shutter_speed&quot;:&quot;0&quot;,&quot;title&quot;:&quot;&quot;}\" data-image-title=\"ESGE\" data-image-description=\"\" data-image-caption=\"\" data-medium-file=\"https:\/\/eiseler.de:443\/wordpress\/wp-content\/uploads\/2010\/08\/shapeimage_12.png\" data-large-file=\"https:\/\/eiseler.de:443\/wordpress\/wp-content\/uploads\/2010\/08\/shapeimage_12.png\" class=\"alignleft size-full wp-image-225\" title=\"ESGE\" src=\"http:\/\/eiseler.de\/wordpress\/wp-content\/uploads\/2010\/08\/shapeimage_12.png\" alt=\"\" width=\"87\" height=\"210\" \/><\/a>Von den Erfindern des P\u00fcrierstabes. Ersetzt locker den Blender in der K\u00fcche. Ist kleiner, schneller und auch leichter zu reinigen. Mixmilch, Fruchtquark, Fruchteis (!) und Suppen sind der Haupteinsatzschwerpunkt. Aber auch mal eben Sahne schlagen oder Pfannkuchenteig machen geht schneller als mit einem Mixer. Inzwischen gibt es unz\u00e4hlige Nachahmer. Ich hatte mal einen von einem Kaffeer\u00f6ster. Kein Vergleich.<\/p>\n<p>Lecker: Tomatensuppe selbstgemacht. Tipp: Gelingt einfacher mit Dosentomaten. Aber nehmt auf jeden Fall gute, das hei\u00dft italienische. F\u00fcr M\u00fcnchener: Vom Spinna \ud83d\ude42<\/p>\n<div class=\"sharedaddy sd-sharing-enabled\"><div class=\"robots-nocontent sd-block sd-social sd-social-icon-text sd-sharing\"><h3 class=\"sd-title\">Share this:<\/h3><div class=\"sd-content\"><ul><li class=\"share-facebook\"><a rel=\"nofollow noopener noreferrer\" data-shared=\"sharing-facebook-211\" class=\"share-facebook sd-button share-icon\" href=\"https:\/\/eiseler.de\/wordpress\/?p=211&amp;share=facebook\" target=\"_blank\" title=\"Click to share on Facebook\"><span>Facebook<\/span><\/a><\/li><li class=\"share-twitter\"><a rel=\"nofollow noopener noreferrer\" data-shared=\"sharing-twitter-211\" class=\"share-twitter sd-button share-icon\" href=\"https:\/\/eiseler.de\/wordpress\/?p=211&amp;share=twitter\" target=\"_blank\" title=\"Click to share on Twitter\"><span>Twitter<\/span><\/a><\/li><li class=\"share-linkedin\"><a rel=\"nofollow noopener noreferrer\" data-shared=\"sharing-linkedin-211\" class=\"share-linkedin sd-button share-icon\" href=\"https:\/\/eiseler.de\/wordpress\/?p=211&amp;share=linkedin\" target=\"_blank\" title=\"Click to share on LinkedIn\"><span>LinkedIn<\/span><\/a><\/li><li class=\"share-pocket\"><a rel=\"nofollow noopener noreferrer\" data-shared=\"\" class=\"share-pocket sd-button share-icon\" href=\"https:\/\/eiseler.de\/wordpress\/?p=211&amp;share=pocket\" target=\"_blank\" title=\"Click to share on Pocket\"><span>Pocket<\/span><\/a><\/li><li class=\"share-end\"><\/li><\/ul><\/div><\/div><\/div>","protected":false},"excerpt":{"rendered":"<p>Von den Erfindern des P\u00fcrierstabes. Ersetzt locker den Blender in der K\u00fcche. Ist kleiner, schneller und auch leichter zu reinigen. Mixmilch, Fruchtquark, Fruchteis (!) und Suppen sind der Haupteinsatzschwerpunkt. Aber auch mal eben Sahne schlagen oder Pfannkuchenteig machen geht schneller &hellip; <a href=\"https:\/\/eiseler.de\/wordpress\/?p=211\">Continue reading <span class=\"meta-nav\">&rarr;<\/span><\/a><\/p>\n<div class=\"sharedaddy sd-sharing-enabled\"><div class=\"robots-nocontent sd-block sd-social sd-social-icon-text sd-sharing\"><h3 class=\"sd-title\">Share this:<\/h3><div class=\"sd-content\"><ul><li class=\"share-facebook\"><a rel=\"nofollow noopener noreferrer\" data-shared=\"sharing-facebook-211\" class=\"share-facebook sd-button share-icon\" href=\"https:\/\/eiseler.de\/wordpress\/?p=211&amp;share=facebook\" target=\"_blank\" title=\"Click to share on Facebook\"><span>Facebook<\/span><\/a><\/li><li class=\"share-twitter\"><a rel=\"nofollow noopener noreferrer\" data-shared=\"sharing-twitter-211\" class=\"share-twitter sd-button share-icon\" href=\"https:\/\/eiseler.de\/wordpress\/?p=211&amp;share=twitter\" target=\"_blank\" title=\"Click to share on Twitter\"><span>Twitter<\/span><\/a><\/li><li class=\"share-linkedin\"><a rel=\"nofollow noopener noreferrer\" data-shared=\"sharing-linkedin-211\" class=\"share-linkedin sd-button share-icon\" href=\"https:\/\/eiseler.de\/wordpress\/?p=211&amp;share=linkedin\" target=\"_blank\" title=\"Click to share on LinkedIn\"><span>LinkedIn<\/span><\/a><\/li><li class=\"share-pocket\"><a rel=\"nofollow noopener noreferrer\" data-shared=\"\" class=\"share-pocket sd-button share-icon\" href=\"https:\/\/eiseler.de\/wordpress\/?p=211&amp;share=pocket\" target=\"_blank\" title=\"Click to share on Pocket\"><span>Pocket<\/span><\/a><\/li><li class=\"share-end\"><\/li><\/ul><\/div><\/div><\/div>","protected":false},"author":1,"featured_media":0,"comment_status":"open","ping_status":"open","sticky":false,"template":"","format":"standard","meta":{"spay_email":"","footnotes":"","jetpack_publicize_message":"","jetpack_is_tweetstorm":false},"categories":[22],"tags":[],"class_list":["post-211","post","type-post","status-publish","format-standard","hentry","category-hardware"],"jetpack_featured_media_url":"","jetpack_publicize_connections":[],"jetpack_sharing_enabled":true,"jetpack_shortlink":"https:\/\/wp.me\/p8zAuQ-3p","jetpack-related-posts":[{"id":596,"url":"https:\/\/eiseler.de\/wordpress\/?p=596","url_meta":{"origin":211,"position":0},"title":"Elektro Arbeiten","date":"04\/05\/2016","format":false,"excerpt":"Nachdem ich just im Keller zus\u00e4tzliche Steckdosen installiert, hier mal en Tipp bez\u00fcglich Werkzeug dazu.\u00a0 Was ben\u00f6tige ich um Elektroarbeiten durchzuf\u00fchren? Klar kann man alles irgendwie mit L\u00fcsterklemmen und Chinaimporten machen. Meistens h\u00f6rt aber mittendrin der Spa\u00df auf, weil es zu fummelig wird. Hier mal ein paar Dinge die das\u2026","rel":"","context":"In &quot;Test Review&quot;","img":{"alt_text":"","src":"https:\/\/i1.wp.com\/eiseler.de\/wordpress\/wp-content\/uploads\/2016\/05\/steckdose-212x300.jpg?resize=350%2C200","width":350,"height":200},"classes":[]},{"id":620,"url":"https:\/\/eiseler.de\/wordpress\/?p=620","url_meta":{"origin":211,"position":1},"title":"Tefal ActiFry YV9601 Test","date":"20\/08\/2016","format":false,"excerpt":"Ein paar kurze Worte zur\u00a0Tefal ActiFry YV9601 Als Hei\u00dfluftfriteuse beworben, hat sich das Teil als erstaunlich universell herausgestellt, und ist klar bei \u00a0den gebrauchts Ger\u00e4ten in der K\u00fcche. \u00a0Es besteht aus einer unteren Sch\u00fcssel mit R\u00fchrarm und einer oberen Ebene die optional benutzt werden kann und mechanisch mit dem Arm\u2026","rel":"","context":"In &quot;Gadgets&quot;","img":{"alt_text":"","src":"","width":0,"height":0},"classes":[]},{"id":679,"url":"https:\/\/eiseler.de\/wordpress\/?p=679","url_meta":{"origin":211,"position":2},"title":"Alexa, erz\u00e4hl einen Witz. 10 Wochen mit Amazon Echo","date":"26\/01\/2017","format":false,"excerpt":"Ein kleines pers\u00f6nliches Review. \u00a0 https:\/\/www.youtube.com\/watch?v=C5kFJHywPkw&feature=em-upload_owner#action=share Wahrscheinlich bin ich zu guter Kunde bei Amazon, auf jeden Fall erhielt ich im November die Einladung jeweils ein Amazon Echo und ein Amazon Echo Dot zu erwerben. Trotz gewisser Bedenken habe ich einen Ruf als Gadgetexperte zu verteidigen und musste deshalb bestellen. Hier\u2026","rel":"","context":"In &quot;Gadgets&quot;","img":{"alt_text":"","src":"https:\/\/i2.wp.com\/img.youtube.com\/vi\/C5kFJHywPkw\/0.jpg?resize=350%2C200","width":350,"height":200},"classes":[]},{"id":889,"url":"https:\/\/eiseler.de\/wordpress\/?p=889","url_meta":{"origin":211,"position":3},"title":"NIU Gep\u00e4cktr\u00e4ger Tuning","date":"26\/01\/2018","format":false,"excerpt":"Der Niu wurde angeschafft um m\u00f6glichst schnell etwas zu besorgen, oder ein Kind irgendwo hin zu bringen. Im ersten Eintrag habe ich geschrieben, dass er das sehr gut kann. Was aber etwas st\u00f6rt, ist die geringe Gep\u00e4ck\/Einkaufsunterbringm\u00f6glichkeit. Zum Eislauftraining brauchen wir Schlittschuhe, Helm, Sch\u00fctzer, Trinkflasche, meinen Kaffee ;-), meine Kamera.\u2026","rel":"","context":"In &quot;Niu&quot;","img":{"alt_text":"","src":"https:\/\/i1.wp.com\/eiseler.de\/wordpress\/wp-content\/uploads\/2018\/01\/IMG_4184-e1516921468913-225x300.jpg?resize=350%2C200","width":350,"height":200},"classes":[]},{"id":155,"url":"https:\/\/eiseler.de\/wordpress\/?p=155","url_meta":{"origin":211,"position":4},"title":"Android f\u00fcr Kinder - Schulweg\u00fcberwachung mit GPS","date":"28\/12\/2012","format":false,"excerpt":"Da meine Tochter schon mit 5 eingeschult wurde und auch alleine von der Schule zum Hort gehen muss \u00fcberlegte ich wie man dies mit Technik etwas sicherer machen kann. Ich m\u00f6chte hier nicht die Ethik des Einsatzes eines GPS-Trackers diskutieren, weise aber daraufhin, dass der Einsatz bei Erwachsenen ohne deren\u2026","rel":"","context":"In &quot;Android&quot;","img":{"alt_text":"","src":"https:\/\/i0.wp.com\/eiseler.de\/wordpress\/wp-content\/uploads\/2012\/12\/IMG_4118b-247x300.jpeg?resize=350%2C200","width":350,"height":200},"classes":[]},{"id":212,"url":"https:\/\/eiseler.de\/wordpress\/?p=212","url_meta":{"origin":211,"position":5},"title":"M\u00f6belum","date":"15\/08\/2010","format":false,"excerpt":"Es begab sich, dass der Druck einen neuen Schuhschrank zu besorgen immer h\u00f6her wurde. Nach einem Besuch bei IKEA, M\u00f6bel Mahler, XXLutz und diversesten Internetseiten war das besagte M\u00f6bel immer noch nicht gefunden. Die M\u00f6belh\u00e4user hatten zwar einige nette Sachen, aber zu Preisen die weit oberhalb des angesetzten Budgets lagen.\u2026","rel":"","context":"In &quot;Hardware&quot;","img":{"alt_text":"","src":"","width":0,"height":0},"classes":[]}],"_links":{"self":[{"href":"https:\/\/eiseler.de\/wordpress\/index.php?rest_route=\/wp\/v2\/posts\/211","targetHints":{"allow":["GET"]}}],"collection":[{"href":"https:\/\/eiseler.de\/wordpress\/index.php?rest_route=\/wp\/v2\/posts"}],"about":[{"href":"https:\/\/eiseler.de\/wordpress\/index.php?rest_route=\/wp\/v2\/types\/post"}],"author":[{"embeddable":true,"href":"https:\/\/eiseler.de\/wordpress\/index.php?rest_route=\/wp\/v2\/users\/1"}],"replies":[{"embeddable":true,"href":"https:\/\/eiseler.de\/wordpress\/index.php?rest_route=%2Fwp%2Fv2%2Fcomments&post=211"}],"version-history":[{"count":3,"href":"https:\/\/eiseler.de\/wordpress\/index.php?rest_route=\/wp\/v2\/posts\/211\/revisions"}],"predecessor-version":[{"id":226,"href":"https:\/\/eiseler.de\/wordpress\/index.php?rest_route=\/wp\/v2\/posts\/211\/revisions\/226"}],"wp:attachment":[{"href":"https:\/\/eiseler.de\/wordpress\/index.php?rest_route=%2Fwp%2Fv2%2Fmedia&parent=211"}],"wp:term":[{"taxonomy":"category","embeddable":true,"href":"https:\/\/eiseler.de\/wordpress\/index.php?rest_route=%2Fwp%2Fv2%2Fcategories&post=211"},{"taxonomy":"post_tag","embeddable":true,"href":"https:\/\/eiseler.de\/wordpress\/index.php?rest_route=%2Fwp%2Fv2%2Ftags&post=211"}],"curies":[{"name":"wp","href":"https:\/\/api.w.org\/{rel}","templated":true}]}}