{"id":1431,"date":"2022-08-13T22:52:12","date_gmt":"2022-08-13T20:52:12","guid":{"rendered":"http:\/\/eiseler.de\/wordpress\/?p=1431"},"modified":"2024-08-03T16:07:41","modified_gmt":"2024-08-03T14:07:41","slug":"niu-n1s-keine-leistung-nimmt-kein-gas-an","status":"publish","type":"post","link":"https:\/\/eiseler.de\/wordpress\/?p=1431","title":{"rendered":"Niu N1S &#8211; Keine Leistung &#8211; nimmt kein Gas an"},"content":{"rendered":"\n<p>Die Symptome waren wie folgt:<\/p>\n\n\n\n<p>Immer \u00f6fters geschah es, dass (oft nach einer Stra\u00dfenunebenheit) der Roller kein &#8220;Gas&#8221; mehr annahm. Teilweise ging die Geschwindigkeit noch knapp \u00fcber 40 km\/h teilweise nur noch bis 36 km\/h. <\/p>\n\n\n\n<p>L\u00f6sung (bis jetzt):<\/p>\n\n\n\n<p>Sitzbank abschrauben (4 Schrauben innerhalb der Ablage). Sitzbank quer dar\u00fcber legen. Kabelverbindungen darunter kontrollieren: R\u00fctteln, fest darauf schieben. &#8211; Seit dem ist das Symptom bei mir nicht wieder aufgetreten.<\/p>\n\n\n\n<p>Update: Symptom tritt wieder auf und lie\u00df sich wieder durch o.g. Aktion beheben<\/p>\n\n\n<div class=\"sharedaddy sd-sharing-enabled\"><div class=\"robots-nocontent sd-block sd-social sd-social-icon-text sd-sharing\"><h3 class=\"sd-title\">Share this:<\/h3><div class=\"sd-content\"><ul><li class=\"share-facebook\"><a rel=\"nofollow noopener noreferrer\" data-shared=\"sharing-facebook-1431\" class=\"share-facebook sd-button share-icon\" href=\"https:\/\/eiseler.de\/wordpress\/?p=1431&amp;share=facebook\" target=\"_blank\" title=\"Click to share on Facebook\"><span>Facebook<\/span><\/a><\/li><li class=\"share-twitter\"><a rel=\"nofollow noopener noreferrer\" data-shared=\"sharing-twitter-1431\" class=\"share-twitter sd-button share-icon\" href=\"https:\/\/eiseler.de\/wordpress\/?p=1431&amp;share=twitter\" target=\"_blank\" title=\"Click to share on Twitter\"><span>Twitter<\/span><\/a><\/li><li class=\"share-linkedin\"><a rel=\"nofollow noopener noreferrer\" data-shared=\"sharing-linkedin-1431\" class=\"share-linkedin sd-button share-icon\" href=\"https:\/\/eiseler.de\/wordpress\/?p=1431&amp;share=linkedin\" target=\"_blank\" title=\"Click to share on LinkedIn\"><span>LinkedIn<\/span><\/a><\/li><li class=\"share-pocket\"><a rel=\"nofollow noopener noreferrer\" data-shared=\"\" class=\"share-pocket sd-button share-icon\" href=\"https:\/\/eiseler.de\/wordpress\/?p=1431&amp;share=pocket\" target=\"_blank\" title=\"Click to share on Pocket\"><span>Pocket<\/span><\/a><\/li><li class=\"share-end\"><\/li><\/ul><\/div><\/div><\/div>","protected":false},"excerpt":{"rendered":"<p>Die Symptome waren wie folgt: Immer \u00f6fters geschah es, dass (oft nach einer Stra\u00dfenunebenheit) der Roller kein &#8220;Gas&#8221; mehr annahm. Teilweise ging die Geschwindigkeit noch knapp \u00fcber 40 km\/h teilweise nur noch bis 36 km\/h. L\u00f6sung (bis jetzt): Sitzbank abschrauben &hellip; <a href=\"https:\/\/eiseler.de\/wordpress\/?p=1431\">Continue reading <span class=\"meta-nav\">&rarr;<\/span><\/a><\/p>\n<div class=\"sharedaddy sd-sharing-enabled\"><div class=\"robots-nocontent sd-block sd-social sd-social-icon-text sd-sharing\"><h3 class=\"sd-title\">Share this:<\/h3><div class=\"sd-content\"><ul><li class=\"share-facebook\"><a rel=\"nofollow noopener noreferrer\" data-shared=\"sharing-facebook-1431\" class=\"share-facebook sd-button share-icon\" href=\"https:\/\/eiseler.de\/wordpress\/?p=1431&amp;share=facebook\" target=\"_blank\" title=\"Click to share on Facebook\"><span>Facebook<\/span><\/a><\/li><li class=\"share-twitter\"><a rel=\"nofollow noopener noreferrer\" data-shared=\"sharing-twitter-1431\" class=\"share-twitter sd-button share-icon\" href=\"https:\/\/eiseler.de\/wordpress\/?p=1431&amp;share=twitter\" target=\"_blank\" title=\"Click to share on Twitter\"><span>Twitter<\/span><\/a><\/li><li class=\"share-linkedin\"><a rel=\"nofollow noopener noreferrer\" data-shared=\"sharing-linkedin-1431\" class=\"share-linkedin sd-button share-icon\" href=\"https:\/\/eiseler.de\/wordpress\/?p=1431&amp;share=linkedin\" target=\"_blank\" title=\"Click to share on LinkedIn\"><span>LinkedIn<\/span><\/a><\/li><li class=\"share-pocket\"><a rel=\"nofollow noopener noreferrer\" data-shared=\"\" class=\"share-pocket sd-button share-icon\" href=\"https:\/\/eiseler.de\/wordpress\/?p=1431&amp;share=pocket\" target=\"_blank\" title=\"Click to share on Pocket\"><span>Pocket<\/span><\/a><\/li><li class=\"share-end\"><\/li><\/ul><\/div><\/div><\/div>","protected":false},"author":1,"featured_media":0,"comment_status":"open","ping_status":"open","sticky":false,"template":"","format":"standard","meta":{"spay_email":"","footnotes":"","jetpack_publicize_message":"","jetpack_is_tweetstorm":false},"categories":[49],"tags":[],"class_list":["post-1431","post","type-post","status-publish","format-standard","hentry","category-niu"],"jetpack_featured_media_url":"","jetpack_publicize_connections":[],"jetpack_sharing_enabled":true,"jetpack_shortlink":"https:\/\/wp.me\/p8zAuQ-n5","jetpack-related-posts":[{"id":889,"url":"https:\/\/eiseler.de\/wordpress\/?p=889","url_meta":{"origin":1431,"position":0},"title":"NIU Gep\u00e4cktr\u00e4ger Tuning","date":"26\/01\/2018","format":false,"excerpt":"Der Niu wurde angeschafft um m\u00f6glichst schnell etwas zu besorgen, oder ein Kind irgendwo hin zu bringen. Im ersten Eintrag habe ich geschrieben, dass er das sehr gut kann. Was aber etwas st\u00f6rt, ist die geringe Gep\u00e4ck\/Einkaufsunterbringm\u00f6glichkeit. Zum Eislauftraining brauchen wir Schlittschuhe, Helm, Sch\u00fctzer, Trinkflasche, meinen Kaffee ;-), meine Kamera.\u2026","rel":"","context":"In &quot;Niu&quot;","img":{"alt_text":"","src":"https:\/\/i1.wp.com\/eiseler.de\/wordpress\/wp-content\/uploads\/2018\/01\/IMG_4184-e1516921468913-225x300.jpg?resize=350%2C200","width":350,"height":200},"classes":[]},{"id":884,"url":"https:\/\/eiseler.de\/wordpress\/?p=884","url_meta":{"origin":1431,"position":1},"title":"Mein NIU Elektro Roller","date":"25\/01\/2018","format":false,"excerpt":"Am 21.11.2017 habe ich den Roller bei GreenCity am Nordbad abgeholt. Er stand zwar schon eine Woche fr\u00fcher da, aber es war in der Stadt kein Versicherungskennzeichen mehr aufzutreiben, so dass ich online eines bestellen musste. Die Motivation Fahrten in die n\u00e4here Umgebung nehmen drastisch zu, wenn die Kinder \u00e4lter\u2026","rel":"","context":"In &quot;Niu&quot;","img":{"alt_text":"","src":"https:\/\/i2.wp.com\/eiseler.de\/wordpress\/wp-content\/uploads\/2018\/01\/IMG_4170-e1516917346734-300x225.jpg?resize=350%2C200","width":350,"height":200},"classes":[]},{"id":322,"url":"https:\/\/eiseler.de\/wordpress\/?p=322","url_meta":{"origin":1431,"position":2},"title":"Raspberry Pi (Auch f\u00fcr Dummies)","date":"17\/03\/2013","format":false,"excerpt":"Hat ein wenig gedauert bis ich welche hatte. Aber das Warten hat sich gelohnt (auch weil die Software inzwischen reifte :-) ). Was ist es? Ein Minicomputer, etwas gr\u00f6\u00dfer als eine Kreditkarte, mit 2 USB Anschl\u00fcssen, Audio out, Video out und HDMI (=DVI) Ausgang. Zusammen mit einer SD-Karte und einem\u2026","rel":"","context":"In &quot;Hardware&quot;","img":{"alt_text":"","src":"https:\/\/i1.wp.com\/eiseler.de\/wordpress\/wp-content\/uploads\/2013\/03\/IMG_4363-300x225.jpg?resize=350%2C200","width":350,"height":200},"classes":[]},{"id":241,"url":"https:\/\/eiseler.de\/wordpress\/?p=241","url_meta":{"origin":1431,"position":3},"title":"iWatch, the next big thing? [update]","date":"12\/02\/2013","format":false,"excerpt":"Update: Habe jetzt einen link gefunden, indem das Thema Smartwatch extrem gut durchdacht beschrieben wird: Hier. Kurzfassung: Da Apple seit dem iPhone 4S konsequent Bluetooth 4 in die mobilen Ger\u00e4te baut, halte ich eine \"iWatch\" (die zusammen mit einem iPhone funktioniert) f\u00fcr m\u00f6glich. Langfassung: Vorhin hatte mich ein Kollege angepingt,\u2026","rel":"","context":"In &quot;Hardware&quot;","img":{"alt_text":"","src":"","width":0,"height":0},"classes":[]},{"id":372,"url":"https:\/\/eiseler.de\/wordpress\/?p=372","url_meta":{"origin":1431,"position":4},"title":"Die Pebble, Test und Tipps","date":"20\/04\/2013","format":false,"excerpt":"Nachdem ich letztens die Pebble vom Zoll in Garching (M\u00fcnchner, oder zumindest ein Teil der M\u00fcnchner d\u00fcrfen dazu ins Umland fahren) abgeholt habe, hier ein kurzes Pebble Review. Getestet mit iOS 6 auf einem iPhone5 Installation: Problemlos, 9\/10 Design Geh\u00e4use: Mein Geschmack ist es nicht. Zuviel (alles?) Plastik. Aber ok,\u2026","rel":"","context":"In &quot;Gadgets&quot;","img":{"alt_text":"","src":"https:\/\/i2.wp.com\/eiseler.de\/wordpress\/wp-content\/uploads\/2013\/04\/20130420-225833.jpg?resize=350%2C200&ssl=1","width":350,"height":200},"classes":[]},{"id":1387,"url":"https:\/\/eiseler.de\/wordpress\/?p=1387","url_meta":{"origin":1431,"position":5},"title":"Niu N1S Lenkkopflager nachstellen","date":"07\/07\/2021","format":false,"excerpt":"Hier ein paar Tipps in K\u00fcrze. Ein starkes Wackeln beim Bremsen waren die Symptome. Und als erst einmal das obere Lenkkopflager freigelegt war, war auch die Ursache klar. Die Mutter und Kontermutter waren einfach lose. Zur richtigen Befestigung und richtigem kontern habe ich die notwendigen Werkzeuge extra bestellt. Hauptarbeit machten\u2026","rel":"","context":"In &quot;Niu&quot;","img":{"alt_text":"","src":"https:\/\/i0.wp.com\/eiseler.de\/wordpress\/wp-content\/uploads\/2021\/07\/IMG_2197-scaled.jpeg?resize=350%2C200&ssl=1","width":350,"height":200},"classes":[]}],"_links":{"self":[{"href":"https:\/\/eiseler.de\/wordpress\/index.php?rest_route=\/wp\/v2\/posts\/1431","targetHints":{"allow":["GET"]}}],"collection":[{"href":"https:\/\/eiseler.de\/wordpress\/index.php?rest_route=\/wp\/v2\/posts"}],"about":[{"href":"https:\/\/eiseler.de\/wordpress\/index.php?rest_route=\/wp\/v2\/types\/post"}],"author":[{"embeddable":true,"href":"https:\/\/eiseler.de\/wordpress\/index.php?rest_route=\/wp\/v2\/users\/1"}],"replies":[{"embeddable":true,"href":"https:\/\/eiseler.de\/wordpress\/index.php?rest_route=%2Fwp%2Fv2%2Fcomments&post=1431"}],"version-history":[{"count":2,"href":"https:\/\/eiseler.de\/wordpress\/index.php?rest_route=\/wp\/v2\/posts\/1431\/revisions"}],"predecessor-version":[{"id":1521,"href":"https:\/\/eiseler.de\/wordpress\/index.php?rest_route=\/wp\/v2\/posts\/1431\/revisions\/1521"}],"wp:attachment":[{"href":"https:\/\/eiseler.de\/wordpress\/index.php?rest_route=%2Fwp%2Fv2%2Fmedia&parent=1431"}],"wp:term":[{"taxonomy":"category","embeddable":true,"href":"https:\/\/eiseler.de\/wordpress\/index.php?rest_route=%2Fwp%2Fv2%2Fcategories&post=1431"},{"taxonomy":"post_tag","embeddable":true,"href":"https:\/\/eiseler.de\/wordpress\/index.php?rest_route=%2Fwp%2Fv2%2Ftags&post=1431"}],"curies":[{"name":"wp","href":"https:\/\/api.w.org\/{rel}","templated":true}]}}