{"id":941,"date":"2018-03-01T10:29:08","date_gmt":"2018-03-01T09:29:08","guid":{"rendered":"http:\/\/eiseler.de\/wordpress\/?p=941"},"modified":"2018-03-01T10:29:08","modified_gmt":"2018-03-01T09:29:08","slug":"imac-27-retina-schaltet-plotzlich-monitor-aus","status":"publish","type":"post","link":"http:\/\/eiseler.de\/wordpress\/?p=941","title":{"rendered":"iMac 27 retina schaltet pl\u00f6tzlich Monitor aus"},"content":{"rendered":"<p>Mein iMac Retina 27&#8221; 2014 mit AMD Radeon R9 M295X 4096 MB fing pl\u00f6tzlich an, speziell bei Spielen, den Monitor auszuschalten. Also machte ich mich daran die Ursache, bzw. eine L\u00f6sung zu suchen.<\/p>\n<p>Der Fehler scheint nichts mit der CPU Auslastung zu tun zu haben. Um aber genauer einzugrenzen installierte ich das Tool: <a href=\"https:\/\/bjango.com\/mac\/istatmenus\/\">https:\/\/bjango.com\/mac\/istatmenus\/<\/a>. Was ich herausfand, dass es ziemlich sicher mit der GPU Temperatur zu tun hat. Sobald die GPU Die Temperatur \u00fcber 100 \u00b0C geht, schaltet der Monitor, bzw, eher die Grafikkarte, ab. Neben dem Einsatz von Staubsauger und Druckluftspray installierte ich folgendes Tool: <a href=\"https:\/\/www.tunabellysoftware.com\/tgpro\/\">TG Pro<\/a>. Mit TG Pro kann man manuell oder auch eingestellt den Ventialtor steuern. Es sieht so aus, als ob der Ventilator nur \u00fcber die CPU Temperatur gesteuert wird. So habe ich in TG Pro eingestellt, dass der Ventilator startet wenn die GPU Temperatur sich erh\u00f6ht. Und siehe da: Seitdem geht es wieder. Bingo!<\/p>\n<p>Stichw\u00f6rter: iMac, Monitor pl\u00f6tzlich aus, Schwarzer Bildschirm<\/p>\n<p><a href=\"http:\/\/eiseler.de\/wordpress\/?attachment_id=936\" rel=\"attachment wp-att-936\"><img loading=\"lazy\" decoding=\"async\" data-attachment-id=\"936\" data-permalink=\"http:\/\/eiseler.de\/wordpress\/?attachment_id=936\" data-orig-file=\"http:\/\/eiseler.de\/wordpress\/wp-content\/uploads\/2018\/02\/Bildschirmfoto-2018-02-26-um-01.28.42.png\" data-orig-size=\"532,1796\" data-comments-opened=\"1\" data-image-meta=\"{&quot;aperture&quot;:&quot;0&quot;,&quot;credit&quot;:&quot;&quot;,&quot;camera&quot;:&quot;&quot;,&quot;caption&quot;:&quot;&quot;,&quot;created_timestamp&quot;:&quot;0&quot;,&quot;copyright&quot;:&quot;&quot;,&quot;focal_length&quot;:&quot;0&quot;,&quot;iso&quot;:&quot;0&quot;,&quot;shutter_speed&quot;:&quot;0&quot;,&quot;title&quot;:&quot;&quot;,&quot;orientation&quot;:&quot;0&quot;}\" data-image-title=\"Bildschirmfoto 2018-02-26 um 01.28.42\" data-image-description=\"\" data-image-caption=\"\" data-medium-file=\"http:\/\/eiseler.de\/wordpress\/wp-content\/uploads\/2018\/02\/Bildschirmfoto-2018-02-26-um-01.28.42-89x300.png\" data-large-file=\"http:\/\/eiseler.de\/wordpress\/wp-content\/uploads\/2018\/02\/Bildschirmfoto-2018-02-26-um-01.28.42-303x1024.png\" class=\"alignleft wp-image-936 size-large\" src=\"http:\/\/eiseler.de\/wordpress\/wp-content\/uploads\/2018\/02\/Bildschirmfoto-2018-02-26-um-01.28.42-303x1024.png\" alt=\"\" width=\"303\" height=\"1024\" srcset=\"http:\/\/eiseler.de\/wordpress\/wp-content\/uploads\/2018\/02\/Bildschirmfoto-2018-02-26-um-01.28.42-303x1024.png 303w, http:\/\/eiseler.de\/wordpress\/wp-content\/uploads\/2018\/02\/Bildschirmfoto-2018-02-26-um-01.28.42-89x300.png 89w, http:\/\/eiseler.de\/wordpress\/wp-content\/uploads\/2018\/02\/Bildschirmfoto-2018-02-26-um-01.28.42.png 532w\" sizes=\"auto, (max-width: 303px) 100vw, 303px\" \/><\/a><a href=\"http:\/\/eiseler.de\/wordpress\/?attachment_id=934\" rel=\"attachment wp-att-934\"><img loading=\"lazy\" decoding=\"async\" data-attachment-id=\"934\" data-permalink=\"http:\/\/eiseler.de\/wordpress\/?attachment_id=934\" data-orig-file=\"http:\/\/eiseler.de\/wordpress\/wp-content\/uploads\/2018\/02\/Bildschirmfoto-2018-02-26-um-01.29.22.png\" data-orig-size=\"1732,910\" data-comments-opened=\"1\" data-image-meta=\"{&quot;aperture&quot;:&quot;0&quot;,&quot;credit&quot;:&quot;&quot;,&quot;camera&quot;:&quot;&quot;,&quot;caption&quot;:&quot;&quot;,&quot;created_timestamp&quot;:&quot;0&quot;,&quot;copyright&quot;:&quot;&quot;,&quot;focal_length&quot;:&quot;0&quot;,&quot;iso&quot;:&quot;0&quot;,&quot;shutter_speed&quot;:&quot;0&quot;,&quot;title&quot;:&quot;&quot;,&quot;orientation&quot;:&quot;0&quot;}\" data-image-title=\"Bildschirmfoto 2018-02-26 um 01.29.22\" data-image-description=\"\" data-image-caption=\"\" data-medium-file=\"http:\/\/eiseler.de\/wordpress\/wp-content\/uploads\/2018\/02\/Bildschirmfoto-2018-02-26-um-01.29.22-300x158.png\" data-large-file=\"http:\/\/eiseler.de\/wordpress\/wp-content\/uploads\/2018\/02\/Bildschirmfoto-2018-02-26-um-01.29.22-1024x538.png\" class=\"alignleft size-medium wp-image-934\" src=\"http:\/\/eiseler.de\/wordpress\/wp-content\/uploads\/2018\/02\/Bildschirmfoto-2018-02-26-um-01.29.22-300x158.png\" alt=\"\" width=\"300\" height=\"158\" srcset=\"http:\/\/eiseler.de\/wordpress\/wp-content\/uploads\/2018\/02\/Bildschirmfoto-2018-02-26-um-01.29.22-300x158.png 300w, http:\/\/eiseler.de\/wordpress\/wp-content\/uploads\/2018\/02\/Bildschirmfoto-2018-02-26-um-01.29.22-768x404.png 768w, http:\/\/eiseler.de\/wordpress\/wp-content\/uploads\/2018\/02\/Bildschirmfoto-2018-02-26-um-01.29.22-1024x538.png 1024w, http:\/\/eiseler.de\/wordpress\/wp-content\/uploads\/2018\/02\/Bildschirmfoto-2018-02-26-um-01.29.22-500x263.png 500w, http:\/\/eiseler.de\/wordpress\/wp-content\/uploads\/2018\/02\/Bildschirmfoto-2018-02-26-um-01.29.22.png 1732w\" sizes=\"auto, (max-width: 300px) 100vw, 300px\" \/><\/a> <a href=\"http:\/\/eiseler.de\/wordpress\/?attachment_id=935\" rel=\"attachment wp-att-935\"><img loading=\"lazy\" decoding=\"async\" data-attachment-id=\"935\" data-permalink=\"http:\/\/eiseler.de\/wordpress\/?attachment_id=935\" data-orig-file=\"http:\/\/eiseler.de\/wordpress\/wp-content\/uploads\/2018\/02\/Bildschirmfoto-2018-02-26-um-01.29.06.png\" data-orig-size=\"620,166\" data-comments-opened=\"1\" data-image-meta=\"{&quot;aperture&quot;:&quot;0&quot;,&quot;credit&quot;:&quot;&quot;,&quot;camera&quot;:&quot;&quot;,&quot;caption&quot;:&quot;&quot;,&quot;created_timestamp&quot;:&quot;0&quot;,&quot;copyright&quot;:&quot;&quot;,&quot;focal_length&quot;:&quot;0&quot;,&quot;iso&quot;:&quot;0&quot;,&quot;shutter_speed&quot;:&quot;0&quot;,&quot;title&quot;:&quot;&quot;,&quot;orientation&quot;:&quot;0&quot;}\" data-image-title=\"Bildschirmfoto 2018-02-26 um 01.29.06\" data-image-description=\"\" data-image-caption=\"\" data-medium-file=\"http:\/\/eiseler.de\/wordpress\/wp-content\/uploads\/2018\/02\/Bildschirmfoto-2018-02-26-um-01.29.06-300x80.png\" data-large-file=\"http:\/\/eiseler.de\/wordpress\/wp-content\/uploads\/2018\/02\/Bildschirmfoto-2018-02-26-um-01.29.06.png\" class=\"alignleft size-medium wp-image-935\" src=\"http:\/\/eiseler.de\/wordpress\/wp-content\/uploads\/2018\/02\/Bildschirmfoto-2018-02-26-um-01.29.06-300x80.png\" alt=\"\" width=\"300\" height=\"80\" srcset=\"http:\/\/eiseler.de\/wordpress\/wp-content\/uploads\/2018\/02\/Bildschirmfoto-2018-02-26-um-01.29.06-300x80.png 300w, http:\/\/eiseler.de\/wordpress\/wp-content\/uploads\/2018\/02\/Bildschirmfoto-2018-02-26-um-01.29.06-500x134.png 500w, http:\/\/eiseler.de\/wordpress\/wp-content\/uploads\/2018\/02\/Bildschirmfoto-2018-02-26-um-01.29.06.png 620w\" sizes=\"auto, (max-width: 300px) 100vw, 300px\" \/><\/a><\/p>\n<div class=\"sharedaddy sd-sharing-enabled\"><div class=\"robots-nocontent sd-block sd-social sd-social-icon-text sd-sharing\"><h3 class=\"sd-title\">Share this:<\/h3><div class=\"sd-content\"><ul><li class=\"share-facebook\"><a rel=\"nofollow noopener noreferrer\" data-shared=\"sharing-facebook-941\" class=\"share-facebook sd-button share-icon\" href=\"http:\/\/eiseler.de\/wordpress\/?p=941&amp;share=facebook\" target=\"_blank\" title=\"Click to share on Facebook\"><span>Facebook<\/span><\/a><\/li><li class=\"share-twitter\"><a rel=\"nofollow noopener noreferrer\" data-shared=\"sharing-twitter-941\" class=\"share-twitter sd-button share-icon\" href=\"http:\/\/eiseler.de\/wordpress\/?p=941&amp;share=twitter\" target=\"_blank\" title=\"Click to share on Twitter\"><span>Twitter<\/span><\/a><\/li><li class=\"share-linkedin\"><a rel=\"nofollow noopener noreferrer\" data-shared=\"sharing-linkedin-941\" class=\"share-linkedin sd-button share-icon\" href=\"http:\/\/eiseler.de\/wordpress\/?p=941&amp;share=linkedin\" target=\"_blank\" title=\"Click to share on LinkedIn\"><span>LinkedIn<\/span><\/a><\/li><li class=\"share-pocket\"><a rel=\"nofollow noopener noreferrer\" data-shared=\"\" class=\"share-pocket sd-button share-icon\" href=\"http:\/\/eiseler.de\/wordpress\/?p=941&amp;share=pocket\" target=\"_blank\" title=\"Click to share on Pocket\"><span>Pocket<\/span><\/a><\/li><li class=\"share-end\"><\/li><\/ul><\/div><\/div><\/div>","protected":false},"excerpt":{"rendered":"<p>Mein iMac Retina 27&#8221; 2014 mit AMD Radeon R9 M295X 4096 MB fing pl\u00f6tzlich an, speziell bei Spielen, den Monitor auszuschalten. Also machte ich mich daran die Ursache, bzw. eine L\u00f6sung zu suchen. Der Fehler scheint nichts mit der CPU &hellip; <a href=\"http:\/\/eiseler.de\/wordpress\/?p=941\">Continue reading <span class=\"meta-nav\">&rarr;<\/span><\/a><\/p>\n<div class=\"sharedaddy sd-sharing-enabled\"><div class=\"robots-nocontent sd-block sd-social sd-social-icon-text sd-sharing\"><h3 class=\"sd-title\">Share this:<\/h3><div class=\"sd-content\"><ul><li class=\"share-facebook\"><a rel=\"nofollow noopener noreferrer\" data-shared=\"sharing-facebook-941\" class=\"share-facebook sd-button share-icon\" href=\"http:\/\/eiseler.de\/wordpress\/?p=941&amp;share=facebook\" target=\"_blank\" title=\"Click to share on Facebook\"><span>Facebook<\/span><\/a><\/li><li class=\"share-twitter\"><a rel=\"nofollow noopener noreferrer\" data-shared=\"sharing-twitter-941\" class=\"share-twitter sd-button share-icon\" href=\"http:\/\/eiseler.de\/wordpress\/?p=941&amp;share=twitter\" target=\"_blank\" title=\"Click to share on Twitter\"><span>Twitter<\/span><\/a><\/li><li class=\"share-linkedin\"><a rel=\"nofollow noopener noreferrer\" data-shared=\"sharing-linkedin-941\" class=\"share-linkedin sd-button share-icon\" href=\"http:\/\/eiseler.de\/wordpress\/?p=941&amp;share=linkedin\" target=\"_blank\" title=\"Click to share on LinkedIn\"><span>LinkedIn<\/span><\/a><\/li><li class=\"share-pocket\"><a rel=\"nofollow noopener noreferrer\" data-shared=\"\" class=\"share-pocket sd-button share-icon\" href=\"http:\/\/eiseler.de\/wordpress\/?p=941&amp;share=pocket\" target=\"_blank\" title=\"Click to share on Pocket\"><span>Pocket<\/span><\/a><\/li><li class=\"share-end\"><\/li><\/ul><\/div><\/div><\/div>","protected":false},"author":1,"featured_media":0,"comment_status":"open","ping_status":"open","sticky":false,"template":"","format":"standard","meta":{"spay_email":"","footnotes":"","jetpack_publicize_message":"","jetpack_is_tweetstorm":false},"categories":[28],"tags":[],"class_list":["post-941","post","type-post","status-publish","format-standard","hentry","category-mac"],"jetpack_featured_media_url":"","jetpack_publicize_connections":[],"jetpack_sharing_enabled":true,"jetpack_shortlink":"https:\/\/wp.me\/p8zAuQ-fb","jetpack-related-posts":[{"id":932,"url":"http:\/\/eiseler.de\/wordpress\/?p=932","url_meta":{"origin":941,"position":0},"title":"iMac 27'' 2014 Screen Shuts Off During Game","date":"26\/02\/2018","format":false,"excerpt":"As my iMac Retina 27'' 2014 with\u00a0AMD Radeon R9 M295X 4096 MB startet to suddenly switch off the screen, especially while playing a full screen game, I started to look for the cause and a solution. Thinking it might has to do with temperature I started to research. The black\u2026","rel":"","context":"In &quot;Mac&quot;","img":{"alt_text":"","src":"https:\/\/i2.wp.com\/eiseler.de\/wordpress\/wp-content\/uploads\/2018\/02\/Bildschirmfoto-2018-02-26-um-01.28.42-303x1024.png?resize=350%2C200","width":350,"height":200},"classes":[]},{"id":698,"url":"http:\/\/eiseler.de\/wordpress\/?p=698","url_meta":{"origin":941,"position":1},"title":"WatchForIt: Mach Dir Deine eigene Komplikation in der Apple Watch","date":"16\/02\/2017","format":false,"excerpt":"Wenn Du eine Apple Watch besitzt k\u00f6nnte das F\u00fcr Dich interessant sein: Mit WatchForIt (Apple Store) kannst Du Dir Deine eigene Komplikation bauen: WatchForIt (Beschreibung). \u00a0 Ich habe die App WatchForIt geschrieben, da ich auf der Suche nach einem Ersatz der App Numerous war die eingestellt wurde. Mittels Numerous konnte\u2026","rel":"","context":"In &quot;iOS App&quot;","img":{"alt_text":"","src":"","width":0,"height":0},"classes":[]},{"id":679,"url":"http:\/\/eiseler.de\/wordpress\/?p=679","url_meta":{"origin":941,"position":2},"title":"Alexa, erz\u00e4hl einen Witz. 10 Wochen mit Amazon Echo","date":"26\/01\/2017","format":false,"excerpt":"Ein kleines pers\u00f6nliches Review. \u00a0 https:\/\/www.youtube.com\/watch?v=C5kFJHywPkw&feature=em-upload_owner#action=share Wahrscheinlich bin ich zu guter Kunde bei Amazon, auf jeden Fall erhielt ich im November die Einladung jeweils ein Amazon Echo und ein Amazon Echo Dot zu erwerben. Trotz gewisser Bedenken habe ich einen Ruf als Gadgetexperte zu verteidigen und musste deshalb bestellen. Hier\u2026","rel":"","context":"In &quot;Gadgets&quot;","img":{"alt_text":"","src":"https:\/\/i2.wp.com\/img.youtube.com\/vi\/C5kFJHywPkw\/0.jpg?resize=350%2C200","width":350,"height":200},"classes":[]},{"id":155,"url":"http:\/\/eiseler.de\/wordpress\/?p=155","url_meta":{"origin":941,"position":3},"title":"Android f\u00fcr Kinder - Schulweg\u00fcberwachung mit GPS","date":"28\/12\/2012","format":false,"excerpt":"Da meine Tochter schon mit 5 eingeschult wurde und auch alleine von der Schule zum Hort gehen muss \u00fcberlegte ich wie man dies mit Technik etwas sicherer machen kann. Ich m\u00f6chte hier nicht die Ethik des Einsatzes eines GPS-Trackers diskutieren, weise aber daraufhin, dass der Einsatz bei Erwachsenen ohne deren\u2026","rel":"","context":"In &quot;Android&quot;","img":{"alt_text":"","src":"https:\/\/i0.wp.com\/eiseler.de\/wordpress\/wp-content\/uploads\/2012\/12\/IMG_4118b-247x300.jpeg?resize=350%2C200","width":350,"height":200},"classes":[]},{"id":889,"url":"http:\/\/eiseler.de\/wordpress\/?p=889","url_meta":{"origin":941,"position":4},"title":"NIU Gep\u00e4cktr\u00e4ger Tuning","date":"26\/01\/2018","format":false,"excerpt":"Der Niu wurde angeschafft um m\u00f6glichst schnell etwas zu besorgen, oder ein Kind irgendwo hin zu bringen. Im ersten Eintrag habe ich geschrieben, dass er das sehr gut kann. Was aber etwas st\u00f6rt, ist die geringe Gep\u00e4ck\/Einkaufsunterbringm\u00f6glichkeit. Zum Eislauftraining brauchen wir Schlittschuhe, Helm, Sch\u00fctzer, Trinkflasche, meinen Kaffee ;-), meine Kamera.\u2026","rel":"","context":"In &quot;Niu&quot;","img":{"alt_text":"","src":"https:\/\/i1.wp.com\/eiseler.de\/wordpress\/wp-content\/uploads\/2018\/01\/IMG_4184-e1516921468913-225x300.jpg?resize=350%2C200","width":350,"height":200},"classes":[]},{"id":195,"url":"http:\/\/eiseler.de\/wordpress\/?p=195","url_meta":{"origin":941,"position":5},"title":"Apple TV 3 - watchever.de","date":"20\/01\/2013","format":false,"excerpt":"Durch ein g\u00fcnstiges Angebot habe ich jetzt mein Apple TV 2 durch ein Apple TV 3 ersetzt. Was ein Unterschied. Ich bin mir nicht ganz sicher an woran es liegt: Die 1080er Aufl\u00f6sung, das WLan mit 5 GHz oder eben der neuen Hardware und dem besseren Zusammenspiel mit dem TV.\u2026","rel":"","context":"In &quot;Hardware&quot;","img":{"alt_text":"","src":"","width":0,"height":0},"classes":[]}],"_links":{"self":[{"href":"http:\/\/eiseler.de\/wordpress\/index.php?rest_route=\/wp\/v2\/posts\/941","targetHints":{"allow":["GET"]}}],"collection":[{"href":"http:\/\/eiseler.de\/wordpress\/index.php?rest_route=\/wp\/v2\/posts"}],"about":[{"href":"http:\/\/eiseler.de\/wordpress\/index.php?rest_route=\/wp\/v2\/types\/post"}],"author":[{"embeddable":true,"href":"http:\/\/eiseler.de\/wordpress\/index.php?rest_route=\/wp\/v2\/users\/1"}],"replies":[{"embeddable":true,"href":"http:\/\/eiseler.de\/wordpress\/index.php?rest_route=%2Fwp%2Fv2%2Fcomments&post=941"}],"version-history":[{"count":1,"href":"http:\/\/eiseler.de\/wordpress\/index.php?rest_route=\/wp\/v2\/posts\/941\/revisions"}],"predecessor-version":[{"id":942,"href":"http:\/\/eiseler.de\/wordpress\/index.php?rest_route=\/wp\/v2\/posts\/941\/revisions\/942"}],"wp:attachment":[{"href":"http:\/\/eiseler.de\/wordpress\/index.php?rest_route=%2Fwp%2Fv2%2Fmedia&parent=941"}],"wp:term":[{"taxonomy":"category","embeddable":true,"href":"http:\/\/eiseler.de\/wordpress\/index.php?rest_route=%2Fwp%2Fv2%2Fcategories&post=941"},{"taxonomy":"post_tag","embeddable":true,"href":"http:\/\/eiseler.de\/wordpress\/index.php?rest_route=%2Fwp%2Fv2%2Ftags&post=941"}],"curies":[{"name":"wp","href":"https:\/\/api.w.org\/{rel}","templated":true}]}}