{"id":551,"date":"2016-01-16T22:15:04","date_gmt":"2016-01-16T21:15:04","guid":{"rendered":"http:\/\/eiseler.de\/wordpress\/?p=551"},"modified":"2016-02-09T18:00:51","modified_gmt":"2016-02-09T17:00:51","slug":"johannes-dof","status":"publish","type":"post","link":"http:\/\/eiseler.de\/wordpress\/?p=551","title":{"rendered":"DOF by Johannes"},"content":{"rendered":"<p>Willkommen bei Johannes&#8217; DOF (Depth of Field) App. Die App berechnet die Sch\u00e4rfentiefe je Kamera, Blende, Brennweite und Entfernung. Es gibt nat\u00fcrlich bereits etliche Apps zu diesem Thema, das hei\u00dft aber nicht, dass man an der Bedienbarkeit nicht noch was drehen kann \ud83d\ude42<\/p>\n<h1>Allgemein<\/h1>\n<p>Die App ist darauf ausgelegt schnell bedient und abgelesen zu werden. Sie ist im ersten Tap in drei Bereiche aufgeteilt. Oben der Eingabeteil, in der Mitte die berechneten Details und unten die Berechnung f\u00fcr verschiedene Blendenstufen.<\/p>\n<h1>Erster Aufruf, Einstellen der App auf die eigene Kamera<\/h1>\n<p>Die Sch\u00e4rfentiefe ist u.a. von der Sensorgr\u00f6\u00dfe der Kamera abh\u00e4ngig. Deshalb ist der erste Schritt die Sensorgr\u00f6\u00dfe, genauer die Diagonale des Sensors der gew\u00fcnschten Kamera einzugeben. Dies geschieht im 2.Tab der App. Im Auswahlfeld Kamera w\u00e4hlen. anschlie\u00dfend in der Liste die richtige Sensorgr\u00f6\u00dfe w\u00e4hlen. Sollte die Sensorgr\u00f6\u00dfe nicht in der Liste sein, diese mit dem Eingabefeld und Add hinzuf\u00fcgen. Im 1. Tab der App sollte die richtige Sensorgr\u00f6\u00dfe angezeigt sein. Ist die Sensorgr\u00f6\u00dfe der Kamera nicht bekannt, gibt es dazu Hilfe im 3. Tab.<\/p>\n<h1>Einsatz der App<\/h1>\n<p>Entfernung, Brennweite und Blende werden im oberen Bereich eingestellt. Danach rechnet die App den Sch\u00e4rfentiefenbereich mit zugeh\u00f6rigem Abstand. Weiter wird die hyperfokale Entfernung ausgerechnet. Das ist der Punkt auf den Scharf gestellt werden kann, damit von diesem Punkt bis zu unendlich alles scharf abgebildet wird.<\/p>\n<p>Im unteren Bereich befindet sich eine Tabelle, diese stellt die o.g. Werte mit variierter Blende dar. Das hei\u00dft, der Fotograf muss die Blenden in der App nicht durchprobieren, sondern bekommt alle Varianten angezeigt.<\/p>\n<p>Alle Werte k\u00f6nnen mit den Plus und Minus Tasten schnell eingestellt werden. Die Grundlage hierf\u00fcr sind Wertelisten. Diese k\u00f6nnen im 2. Tab vom Fotografen auf sein pers\u00f6nliches Equipment eingestellt werden. Dies gilt f\u00fcr Blende und Brennweite. Aber auch die Entfernungschritte sind in einer Liste angelegt, so kann der Fotograf seine Distanzen anlegen.<\/p>\n<p><a href=\"https:\/\/itunes.apple.com\/de\/app\/dof-by-johannes\/id1079084335?mt=8\"><img loading=\"lazy\" decoding=\"async\" src=\"http:\/\/eiseler.de\/kinderquiz\/kinderquiz\/Willkommen_files\/App_Store_Badge_DE_0609_original.png\" width=\"180\" height=\"62\" alt=\"Erh\u00e4ltlich im AppStore\" class \/><\/a> <\/p>\n<div class=\"sharedaddy sd-sharing-enabled\"><div class=\"robots-nocontent sd-block sd-social sd-social-icon-text sd-sharing\"><h3 class=\"sd-title\">Share this:<\/h3><div class=\"sd-content\"><ul><li class=\"share-facebook\"><a rel=\"nofollow noopener noreferrer\" data-shared=\"sharing-facebook-551\" class=\"share-facebook sd-button share-icon\" href=\"http:\/\/eiseler.de\/wordpress\/?p=551&amp;share=facebook\" target=\"_blank\" title=\"Click to share on Facebook\"><span>Facebook<\/span><\/a><\/li><li class=\"share-twitter\"><a rel=\"nofollow noopener noreferrer\" data-shared=\"sharing-twitter-551\" class=\"share-twitter sd-button share-icon\" href=\"http:\/\/eiseler.de\/wordpress\/?p=551&amp;share=twitter\" target=\"_blank\" title=\"Click to share on Twitter\"><span>Twitter<\/span><\/a><\/li><li class=\"share-linkedin\"><a rel=\"nofollow noopener noreferrer\" data-shared=\"sharing-linkedin-551\" class=\"share-linkedin sd-button share-icon\" href=\"http:\/\/eiseler.de\/wordpress\/?p=551&amp;share=linkedin\" target=\"_blank\" title=\"Click to share on LinkedIn\"><span>LinkedIn<\/span><\/a><\/li><li class=\"share-pocket\"><a rel=\"nofollow noopener noreferrer\" data-shared=\"\" class=\"share-pocket sd-button share-icon\" href=\"http:\/\/eiseler.de\/wordpress\/?p=551&amp;share=pocket\" target=\"_blank\" title=\"Click to share on Pocket\"><span>Pocket<\/span><\/a><\/li><li class=\"share-end\"><\/li><\/ul><\/div><\/div><\/div>","protected":false},"excerpt":{"rendered":"<p>Willkommen bei Johannes&#8217; DOF (Depth of Field) App. Die App berechnet die Sch\u00e4rfentiefe je Kamera, Blende, Brennweite und Entfernung. Es gibt nat\u00fcrlich bereits etliche Apps zu diesem Thema, das hei\u00dft aber nicht, dass man an der Bedienbarkeit nicht noch was &hellip; <a href=\"http:\/\/eiseler.de\/wordpress\/?p=551\">Continue reading <span class=\"meta-nav\">&rarr;<\/span><\/a><\/p>\n<div class=\"sharedaddy sd-sharing-enabled\"><div class=\"robots-nocontent sd-block sd-social sd-social-icon-text sd-sharing\"><h3 class=\"sd-title\">Share this:<\/h3><div class=\"sd-content\"><ul><li class=\"share-facebook\"><a rel=\"nofollow noopener noreferrer\" data-shared=\"sharing-facebook-551\" class=\"share-facebook sd-button share-icon\" href=\"http:\/\/eiseler.de\/wordpress\/?p=551&amp;share=facebook\" target=\"_blank\" title=\"Click to share on Facebook\"><span>Facebook<\/span><\/a><\/li><li class=\"share-twitter\"><a rel=\"nofollow noopener noreferrer\" data-shared=\"sharing-twitter-551\" class=\"share-twitter sd-button share-icon\" href=\"http:\/\/eiseler.de\/wordpress\/?p=551&amp;share=twitter\" target=\"_blank\" title=\"Click to share on Twitter\"><span>Twitter<\/span><\/a><\/li><li class=\"share-linkedin\"><a rel=\"nofollow noopener noreferrer\" data-shared=\"sharing-linkedin-551\" class=\"share-linkedin sd-button share-icon\" href=\"http:\/\/eiseler.de\/wordpress\/?p=551&amp;share=linkedin\" target=\"_blank\" title=\"Click to share on LinkedIn\"><span>LinkedIn<\/span><\/a><\/li><li class=\"share-pocket\"><a rel=\"nofollow noopener noreferrer\" data-shared=\"\" class=\"share-pocket sd-button share-icon\" href=\"http:\/\/eiseler.de\/wordpress\/?p=551&amp;share=pocket\" target=\"_blank\" title=\"Click to share on Pocket\"><span>Pocket<\/span><\/a><\/li><li class=\"share-end\"><\/li><\/ul><\/div><\/div><\/div>","protected":false},"author":1,"featured_media":0,"comment_status":"open","ping_status":"open","sticky":false,"template":"","format":"standard","meta":{"spay_email":"","footnotes":"","jetpack_publicize_message":"","jetpack_is_tweetstorm":false},"categories":[26,10,32],"tags":[],"class_list":["post-551","post","type-post","status-publish","format-standard","hentry","category-gadgets","category-ios-app","category-photo"],"jetpack_featured_media_url":"","jetpack_publicize_connections":[],"jetpack_sharing_enabled":true,"jetpack_shortlink":"https:\/\/wp.me\/p8zAuQ-8T","jetpack-related-posts":[{"id":889,"url":"http:\/\/eiseler.de\/wordpress\/?p=889","url_meta":{"origin":551,"position":0},"title":"NIU Gep\u00e4cktr\u00e4ger Tuning","date":"26\/01\/2018","format":false,"excerpt":"Der Niu wurde angeschafft um m\u00f6glichst schnell etwas zu besorgen, oder ein Kind irgendwo hin zu bringen. Im ersten Eintrag habe ich geschrieben, dass er das sehr gut kann. Was aber etwas st\u00f6rt, ist die geringe Gep\u00e4ck\/Einkaufsunterbringm\u00f6glichkeit. Zum Eislauftraining brauchen wir Schlittschuhe, Helm, Sch\u00fctzer, Trinkflasche, meinen Kaffee ;-), meine Kamera.\u2026","rel":"","context":"In &quot;Niu&quot;","img":{"alt_text":"","src":"https:\/\/i1.wp.com\/eiseler.de\/wordpress\/wp-content\/uploads\/2018\/01\/IMG_4184-e1516921468913-225x300.jpg?resize=350%2C200","width":350,"height":200},"classes":[]},{"id":698,"url":"http:\/\/eiseler.de\/wordpress\/?p=698","url_meta":{"origin":551,"position":1},"title":"WatchForIt: Mach Dir Deine eigene Komplikation in der Apple Watch","date":"16\/02\/2017","format":false,"excerpt":"Wenn Du eine Apple Watch besitzt k\u00f6nnte das F\u00fcr Dich interessant sein: Mit WatchForIt (Apple Store) kannst Du Dir Deine eigene Komplikation bauen: WatchForIt (Beschreibung). \u00a0 Ich habe die App WatchForIt geschrieben, da ich auf der Suche nach einem Ersatz der App Numerous war die eingestellt wurde. Mittels Numerous konnte\u2026","rel":"","context":"In &quot;iOS App&quot;","img":{"alt_text":"","src":"","width":0,"height":0},"classes":[]},{"id":155,"url":"http:\/\/eiseler.de\/wordpress\/?p=155","url_meta":{"origin":551,"position":2},"title":"Android f\u00fcr Kinder - Schulweg\u00fcberwachung mit GPS","date":"28\/12\/2012","format":false,"excerpt":"Da meine Tochter schon mit 5 eingeschult wurde und auch alleine von der Schule zum Hort gehen muss \u00fcberlegte ich wie man dies mit Technik etwas sicherer machen kann. Ich m\u00f6chte hier nicht die Ethik des Einsatzes eines GPS-Trackers diskutieren, weise aber daraufhin, dass der Einsatz bei Erwachsenen ohne deren\u2026","rel":"","context":"In &quot;Android&quot;","img":{"alt_text":"","src":"https:\/\/i0.wp.com\/eiseler.de\/wordpress\/wp-content\/uploads\/2012\/12\/IMG_4118b-247x300.jpeg?resize=350%2C200","width":350,"height":200},"classes":[]},{"id":372,"url":"http:\/\/eiseler.de\/wordpress\/?p=372","url_meta":{"origin":551,"position":3},"title":"Die Pebble, Test und Tipps","date":"20\/04\/2013","format":false,"excerpt":"Nachdem ich letztens die Pebble vom Zoll in Garching (M\u00fcnchner, oder zumindest ein Teil der M\u00fcnchner d\u00fcrfen dazu ins Umland fahren) abgeholt habe, hier ein kurzes Pebble Review. Getestet mit iOS 6 auf einem iPhone5 Installation: Problemlos, 9\/10 Design Geh\u00e4use: Mein Geschmack ist es nicht. Zuviel (alles?) Plastik. Aber ok,\u2026","rel":"","context":"In &quot;Gadgets&quot;","img":{"alt_text":"","src":"https:\/\/i2.wp.com\/eiseler.de\/wordpress\/wp-content\/uploads\/2013\/04\/20130420-225833.jpg?resize=350%2C200","width":350,"height":200},"classes":[]},{"id":195,"url":"http:\/\/eiseler.de\/wordpress\/?p=195","url_meta":{"origin":551,"position":4},"title":"Apple TV 3 - watchever.de","date":"20\/01\/2013","format":false,"excerpt":"Durch ein g\u00fcnstiges Angebot habe ich jetzt mein Apple TV 2 durch ein Apple TV 3 ersetzt. Was ein Unterschied. Ich bin mir nicht ganz sicher an woran es liegt: Die 1080er Aufl\u00f6sung, das WLan mit 5 GHz oder eben der neuen Hardware und dem besseren Zusammenspiel mit dem TV.\u2026","rel":"","context":"In &quot;Hardware&quot;","img":{"alt_text":"","src":"","width":0,"height":0},"classes":[]},{"id":777,"url":"http:\/\/eiseler.de\/wordpress\/?p=777","url_meta":{"origin":551,"position":5},"title":"Die Watch App f\u00fcr Maker","date":"09\/05\/2017","format":false,"excerpt":"Hier nochmal ein Hinweis auf meine Apple Watch App: WatchForIt habe ich gemacht um beliebige Werte (Strings) von beliebigen Websites zu lesen und als Komplikation (also auf dem Ziffernblatt) auf der Apple Watch anzuzeigen. Nachdem der Benutzer eine Website und einen Filter einmal in die iPhone App eingegeben hat, wird\u2026","rel":"","context":"In &quot;Apple Watch&quot;","img":{"alt_text":"","src":"https:\/\/i0.wp.com\/eiseler.de\/wordpress\/wp-content\/uploads\/2017\/01\/WatchForIt_meeting.png?resize=350%2C200","width":350,"height":200},"classes":[]}],"_links":{"self":[{"href":"http:\/\/eiseler.de\/wordpress\/index.php?rest_route=\/wp\/v2\/posts\/551","targetHints":{"allow":["GET"]}}],"collection":[{"href":"http:\/\/eiseler.de\/wordpress\/index.php?rest_route=\/wp\/v2\/posts"}],"about":[{"href":"http:\/\/eiseler.de\/wordpress\/index.php?rest_route=\/wp\/v2\/types\/post"}],"author":[{"embeddable":true,"href":"http:\/\/eiseler.de\/wordpress\/index.php?rest_route=\/wp\/v2\/users\/1"}],"replies":[{"embeddable":true,"href":"http:\/\/eiseler.de\/wordpress\/index.php?rest_route=%2Fwp%2Fv2%2Fcomments&post=551"}],"version-history":[{"count":12,"href":"http:\/\/eiseler.de\/wordpress\/index.php?rest_route=\/wp\/v2\/posts\/551\/revisions"}],"predecessor-version":[{"id":553,"href":"http:\/\/eiseler.de\/wordpress\/index.php?rest_route=\/wp\/v2\/posts\/551\/revisions\/553"}],"wp:attachment":[{"href":"http:\/\/eiseler.de\/wordpress\/index.php?rest_route=%2Fwp%2Fv2%2Fmedia&parent=551"}],"wp:term":[{"taxonomy":"category","embeddable":true,"href":"http:\/\/eiseler.de\/wordpress\/index.php?rest_route=%2Fwp%2Fv2%2Fcategories&post=551"},{"taxonomy":"post_tag","embeddable":true,"href":"http:\/\/eiseler.de\/wordpress\/index.php?rest_route=%2Fwp%2Fv2%2Ftags&post=551"}],"curies":[{"name":"wp","href":"https:\/\/api.w.org\/{rel}","templated":true}]}}